{"id":2465,"date":"2024-06-28T10:07:21","date_gmt":"2024-06-28T08:07:21","guid":{"rendered":"https:\/\/policealna.gowork.pl\/blog\/?p=2465"},"modified":"2024-07-03T13:43:12","modified_gmt":"2024-07-03T11:43:12","slug":"jak-wyglada-system-szkolnictwa-w-polsce-etapy-charakterystyka","status":"publish","type":"post","link":"https:\/\/policealna.gowork.pl\/blog\/jak-wyglada-system-szkolnictwa-w-polsce-etapy-charakterystyka\/","title":{"rendered":"Jak wygl\u0105da system szkolnictwa w Polsce?"},"content":{"rendered":"\n<p>System edukacji w Polsce od czas\u00f3w transformacji ustrojowej w 1989 roku przeszed\u0142 wiele przemian w zakresie podstawy programowej, zarz\u0105dzania, administracji oraz struktury. Sprawd\u017a, czym obecnie charakteryzuje si\u0119 polski system o\u015bwiaty, jakie s\u0105 jego poszczeg\u00f3lne etapy oraz sprawd\u017a, co zmieni\u0142y reformy z 1999 i 2017 roku.<\/p>\n\n\n\n<h2 class=\"wp-block-heading\"><strong>System edukacji w Polsce \u2013 kto nim zarz\u0105dza?<\/strong><\/h2>\n\n\n\n<p>Zgodnie z Konstytucj\u0105 Rzeczpospolitej Polskiej, ka\u017cdy cz\u0142owiek przebywaj\u0105cy na terytorium naszego kraju ma prawo do nauki. Sprawami <strong>o\u015bwiaty w Polsce<\/strong> zarz\u0105dzaj\u0105 dwie instytucje: Ministerstwo Edukacji Zawodowej oraz Ministerstwo Nauki i Szkolnictwa Wy\u017cszego. Minister ds. o\u015bwiaty i wychowania realizuj\u0105c polityk\u0119 o\u015bwiatow\u0105 pa\u0144stwa, wsp\u00f3\u0142dzia\u0142a w tym zakresie z wojewodami oraz innymi jednostkami administracyjnymi w\u0142a\u015bciwymi do funkcjonowania systemu o\u015bwiaty. Reguluje on r\u00f3wnie\u017c zagadnienia w zakresie  tre\u015bci kszta\u0142cenia og\u00f3lnego i zawodowego oraz podr\u0119cznik\u00f3w, systemu oceniania, przyjmowania do publicznych szk\u00f3\u0142 i plac\u00f3wek, kszta\u0142cenia ustawicznego, wychowania przedszkolnego, nadzoru pedagogicznego czy zarz\u0105dzania i organizacji jednostek w systemie o\u015bwiaty.<\/p>\n\n\n\n<h2 class=\"wp-block-heading\"><strong>Cechy systemu edukacji w Polsce<\/strong><\/h2>\n\n\n\n<p>W wyniku przemian podstawy programowej, a tak\u017ce struktury, zarz\u0105dzania i organizacji <strong>polskiego systemu o\u015bwiaty<\/strong>, mo\u017cna wyr\u00f3\u017cni\u0107 jego nast\u0119puj\u0105ce cechy:<\/p>\n\n\n\n<p><\/p>\n\n\n\n<ul class=\"wp-block-list\"><li>po\u0142\u0105czenie element\u00f3w centralizacji (regulacje prawne MEN i MNiSW) i decentralizacji (jednostki samorz\u0105du terytorialnego) administrowania plac\u00f3wkami edukacyjnymi,<\/li><li>dominacja szkolnictwa publicznego nad prywatnym,<\/li><li>specyficzna pozycja nauczyciela regulowana przez Kart\u0119 Nauczyciela,<\/li><li>system zewn\u0119trznych egzamin\u00f3w przeprowadzanych na zako\u0144czenie ka\u017cdego etapu edukacji.<\/li><\/ul>\n\n\n\n<h3 class=\"wp-block-heading\"><strong>Zmiany w systemie edukacji w Polsce na przestrzeni lat<\/strong><\/h3>\n\n\n\n<p>System nauczania w Polsce w ostatnich latach przeszed\u0142 wiele zmian. Najwi\u0119ksze nowelizacje mia\u0142y miejsce w 1999 i 2017 roku. Pierwsza z nich doprowadzi\u0142a do przekszta\u0142cenia dwustopniowego systemu szkolnictwa obowi\u0105zuj\u0105cego od 1968 roku w struktur\u0119 trzystopniow\u0105. W jej wyniku okres nauki w szkole podstawowej zosta\u0142 skr\u00f3cony z 8 do 6 lat. Powsta\u0142y r\u00f3wnie\u017c obowi\u0105zkowe trzyletnie gimnazja. <\/p>\n\n\n\n<p><\/p>\n\n\n\n<p>Po ich uko\u0144czeniu absolwenci mogli kontynuowa\u0107 nauk\u0119 w trzyletnich liceach, trzyletnich liceach profilowanych (funkcjonuj\u0105cych w latach 2002-2014) trzy- lub czteroletnich technikach zawodowych oraz trzyletnich zasadniczych szko\u0142ach zawodowych. W 2017 roku rozpocz\u0119to kolejn\u0105 reform\u0119, kt\u00f3ra przywr\u00f3ci\u0142a o\u015bmioletnie szko\u0142y podstawowe, zlikwidowa\u0142a gimnazja oraz wyd\u0142u\u017cy\u0142a czas nauki w liceach i technikach do 4 i 5 lat. Szko\u0142a zawodowa zosta\u0142a z kolei przekszta\u0142cona w trzyletni\u0105 szko\u0142\u0119 bran\u017cow\u0105 I stopnia.<\/p>\n\n\n\n<h3 class=\"wp-block-heading\"><strong>Obowi\u0105zek szkolny i obowi\u0105zek nauki w Polsce<\/strong><\/h3>\n\n\n\n<p>W <strong>systemie edukacji w Polsce<\/strong> wyr\u00f3\u017cniamy obowi\u0105zek szkolny i obowi\u0105zek nauki. Pierwszy z nich dotyczy dzieci od 7. roku \u017cycia (lub od 6. roku \u017cycia na wniosek rodzic\u00f3w) i trwa do uko\u0144czenia \u00f3smej klasy szko\u0142y podstawowej. Mo\u017ce on by\u0107 spe\u0142niany poza szko\u0142\u0105 w ramach <a href=\"https:\/\/policealna.gowork.pl\/blog\/edukacja-domowa-jakie-sa-jej-wady-i-zalety\/\">edukacji domowej<\/a>. Obowi\u0105zek nauki zak\u0142ada kontynuowanie kszta\u0142cenia do uko\u0144czenia 18. roku \u017cycia. Mo\u017ce by\u0107 on realizowany przez:<\/p>\n\n\n\n<p><\/p>\n\n\n\n<ul class=\"wp-block-list\"><li>ucz\u0119szczanie do szko\u0142y ponadpodstawowej,<\/li><\/ul>\n\n\n\n<ul class=\"wp-block-list\"><li>udzia\u0142 w zaj\u0119ciach w ramach kszta\u0142cenia ustawicznego w formach pozaszkolnych w akredytowanych plac\u00f3wkach,<\/li><li>odbywanie przygotowania zawodowego u pracodawcy,<\/li><li>pobieranie nauki w szkole wy\u017cszej.<\/li><\/ul>\n\n\n\n<h2 class=\"wp-block-heading\"><strong>Etapy edukacji w Polsce<\/strong><\/h2>\n\n\n\n<p>Polski system szkolnictwa dzieli si\u0119 na cztery etapy:<\/p>\n\n\n\n<ul class=\"wp-block-list\"><li>\u017c\u0142obek,<\/li><li>przedszkole,<\/li><li>szko\u0142\u0119 podstawow\u0105,<\/li><li>szko\u0142\u0119 ponadpodstawow\u0105.<\/li><\/ul>\n\n\n\n<h3 class=\"wp-block-heading\"><strong>\u017b\u0142obek\/klub dzieci\u0119cy<\/strong><\/h3>\n\n\n\n<p>\u017b\u0142obki, oddzia\u0142y \u017c\u0142obkowe i kluby dzieci\u0119ce przeznaczone s\u0105 dla dzieci w wieku od 0 do 3 lat. Korzystanie z opieki w tych plac\u00f3wkach jest nieobowi\u0105zkowe i odp\u0142atne. Nie stanowi\u0105 one r\u00f3wnie\u017c cz\u0119\u015bci <strong>systemu nauczania w Polsce<\/strong> i nie podlegaj\u0105 kontroli Ministerstwa Edukacji Narodowej, lecz Ministerstwu Rodziny, Pracy i Polityki Spo\u0142ecznej. W zale\u017cno\u015bci od miasta miesi\u0119czny koszt opieki nad dzieckiem w \u017c\u0142obkach, oddzia\u0142ach \u017c\u0142obkowych i klubach dzieci\u0119cych mo\u017ce wynosi\u0107 od 300 do 700 z\u0142otych. Znacznie dro\u017csze s\u0105 plac\u00f3wki prywatne, w kt\u00f3rych czesne si\u0119gaj\u0105 nawet 1 300 z\u0142otych. <\/p>\n\n\n\n<p><\/p>\n\n\n\n<p>Mimo to rodzice decyduj\u0105 si\u0119 na zapisanie do nich swoich pociech. Jak wynika z danych GUS za 2022 rok, z instytucjonalnych form opieki nad dzie\u0107mi do 3 lat w ko\u0144cu omawianego okresu korzysta\u0142o 177,1 tys. maluch\u00f3w, w tym blisko 92 proc. z nich przebywa\u0142o w \u017c\u0142obkach.\u00a0 W \u017c\u0142obkach i klubach dzieci\u0119cych maluch ma szans\u0119 nauczy\u0107 si\u0119 funkcjonowania w grupie r\u00f3wie\u015bniczej. Bierze on udzia\u0142 w zaj\u0119ciach og\u00f3lnorozwojowych, w tym manualnych, ruchowych, dydaktycznych, relaksacyjnych oraz muzycznych. Poza tym, w \u017c\u0142obku dziecko otwiera si\u0119 na \u015bwiat i ludzi oraz kszta\u0142tuje sw\u00f3j charakter.<\/p>\n\n\n\n<h3 class=\"wp-block-heading\"><strong>Przedszkole<\/strong><\/h3>\n\n\n\n<p>Edukacja przedszkolna przeznaczona jest dla dzieci w wieku od 3 do 6 lat. Mo\u017ce by\u0107 ona realizowana w publicznych i niepublicznych przedszkolach, oddzia\u0142ach przedszkolnych w szko\u0142ach podstawowych, a tak\u017ce punktach przedszkolnych czy zespo\u0142ach wychowania przedszkolnego. Zespo\u0142y wychowania przedszkolnego to plac\u00f3wki, w kt\u00f3rych zaj\u0119cia odbywaj\u0105 si\u0119 tylko w niekt\u00f3re dni tygodnia na ma\u0142ych grupach dzieci (do maksymalnie 25 os\u00f3b). Realizowany jest w nich program wychowania przedszkolnego.<\/p>\n\n\n\n<p><\/p>\n\n\n\n<p><strong>System szkolnictwa w Polsce<\/strong> zak\u0142ada, \u017ce ka\u017cdy sze\u015bciolatek musi obowi\u0105zkowo przej\u015b\u0107 roczne przygotowanie przedszkolne, czyli tzw. zer\u00f3wk\u0119. W przedszkolach dzieci rozwijaj\u0105 swoje umiej\u0119tno\u015bci spo\u0142eczne, ucz\u0105 si\u0119 pisania, czytania, liczenia, podstaw j\u0119zyka obcego, a tak\u017ce muzyki i rytmiki.\u00a0Coraz wi\u0119ksz\u0105 popularno\u015b\u0107 w Polsce zdobywaj\u0105 <a href=\"https:\/\/policealna.gowork.pl\/blog\/lesne-przedszkola-na-czym-polegaja-zalozenia-nauka\/\">le\u015bne przedszkola<\/a>, kt\u00f3rych celem jest uczenie i wychowywanie dzieci zgodnie z rytmem natury.<\/p>\n\n\n\n<h3 class=\"wp-block-heading\"><strong>Szko\u0142a podstawowa<\/strong><\/h3>\n\n\n\n<p>Pierwszym etapem obowi\u0105zkowej edukacji w Polsce jest szko\u0142a podstawowa. Przed reform\u0105 szkolnictwa z 2017 roku trwa\u0142a ona 6 lat i sk\u0142ada\u0142a si\u0119 z dw\u00f3ch etap\u00f3w: edukacji wczesnoszkolnej (klasy 1-3) oraz nauczania poszczeg\u00f3lnych przedmiot\u00f3w (klasy 4-6). Od roku szkolnego 2017\/2018 przywr\u00f3cono o\u015bmioletni\u0105 szko\u0142\u0119 podstawow\u0105 i obecnie obejmuje ona dzieci w wieku od 7 do 15 lat.<\/p>\n\n\n\n<p><\/p>\n\n\n\n<p>Pierwsze trzy lata nauki to kszta\u0142cenie zintegrowane. Nauczyciel, kt\u00f3ry jest jednocze\u015bnie wychowawc\u0105 danej klasy, prowadzi edukacj\u0119 wczesnoszkoln\u0105. W jej sk\u0142ad wchodzi: edukacja polonistyczna, edukacja spo\u0142eczna, edukacja przyrodnicza, edukacja matematyczna oraz zaj\u0119cia techniczne. W planie zaj\u0119\u0107 dla klas 1-3 przewidziano r\u00f3wnie\u017c j\u0119zyk obcy, muzyk\u0119, plastyk\u0119, wychowanie fizyczne oraz zaj\u0119cia komputerowe. Mo\u017ce prowadzi\u0107 je ten sam nauczyciel lub inni.<\/p>\n\n\n\n<p><\/p>\n\n\n\n<p>W klasach 4-8 dzieci ucz\u0105 si\u0119 j\u0119zyka polskiego, dw\u00f3ch j\u0119zyk\u00f3w obcych, historii, wiedzy o spo\u0142ecze\u0144stwie, plastyki, muzyki, przyrody, geografii, biologii, fizyki, chemii, matematyki, informatyki, techniki, edukacji dla bezpiecze\u0144stwa oraz wychowania fizycznego. Szko\u0142y organizuj\u0105 r\u00f3wnie\u017c religi\u0119 i etyk\u0119, na kt\u00f3re ucz\u0119szczaj\u0105 ch\u0119tni uczniowie. Zaj\u0119cia prowadz\u0105 nauczyciele poszczeg\u00f3lnych przedmiot\u00f3w.<\/p>\n\n\n\n<h3 class=\"wp-block-heading\">Egzamin \u00f3smoklasisty<\/h3>\n\n\n\n<p>Zgodnie z <strong>polskim systemem edukacji<\/strong>, ka\u017cdy ucze\u0144 musi podej\u015b\u0107 do egzaminu \u00f3smoklasisty, kt\u00f3ry jest niezb\u0119dny do uko\u0144czenia szko\u0142y, ale nie ma minimalnego progu zdawalno\u015bci. Oznacza to, \u017ce nawet przy niskim wyniku, otrzyma on <a href=\"https:\/\/policealna.gowork.pl\/blog\/rodzaje-wyksztalcenia-w-polsce-jakie-sa\/\">wykszta\u0142cenie<\/a> podstawowe. W latach 2019-2023 obowi\u0105zkowymi przedmiotami by\u0142y j\u0119zyk polski, matematyka oraz j\u0119zyk nowo\u017cytny. Od roku 2024 planowano, by \u00f3smoklasi\u015bci musieli dodatkowo zda\u0107 wybrany przedmiot \u2013 biologi\u0119, chemi\u0119, fizyk\u0119, geografi\u0119 lub histori\u0119. Ostatecznie jednak zrezygnowano z tego pomys\u0142u. Wynik egzaminu \u00f3smoklasisty jest brany pod uwag\u0119 podczas rekrutacji do szk\u00f3\u0142 \u015brednich.<\/p>\n\n\n\n<h3 class=\"wp-block-heading\"><strong>Szko\u0142a ponadpodstawowa<\/strong><\/h3>\n\n\n\n<p>Po szkole podstawowej nast\u0119puje edukacja ponadpodstawowa. W Polsce ten etap obejmuje m\u0142odzie\u017c w wieku od 15 do 20 lat i dzieli si\u0119 na kilka typ\u00f3w szk\u00f3\u0142:<\/p>\n\n\n\n<p><\/p>\n\n\n\n<ul class=\"wp-block-list\"><li>czteroletnie liceum og\u00f3lnokszta\u0142c\u0105ce,<\/li><li>pi\u0119cioletnie technikum,<\/li><li>trzyletni\u0105 bran\u017cow\u0105 szko\u0142\u0119 I stopnia,<\/li><li>trzyletni\u0105 szko\u0142\u0119 specjaln\u0105 przysposabiaj\u0105c\u0105 do pracy,<\/li><li>dwuletni\u0105 bran\u017cow\u0105 szko\u0142\u0119 II stopnia,<\/li><li>szko\u0142\u0119 policealn\u0105 dla os\u00f3b posiadaj\u0105cych wykszta\u0142cenie \u015brednie lub wykszta\u0142cenie \u015brednie bran\u017cowe.<\/li><\/ul>\n\n\n\n<h4 class=\"wp-block-heading\"><strong>Liceum og\u00f3lnokszta\u0142c\u0105ce<\/strong><\/h4>\n\n\n\n<p>Przed reform\u0105 z 2017 roku, <strong>system edukacji w Polsce <\/strong>zak\u0142ada\u0142 trzyletni\u0105 nauk\u0119 w liceum og\u00f3lnokszta\u0142c\u0105cym. Obecnie liceali\u015bci kszta\u0142c\u0105 si\u0119 przez 4 lata. Ten typ plac\u00f3wki ma przygotowa\u0107 m\u0142odego cz\u0142owieka do matury, a nast\u0119pnie dalszej nauki na uczelniach wy\u017cszych. Program nauczania jest wysoki, zw\u0142aszcza w liceach profilowanych, gdzie zwi\u0119kszona jest liczba godzin przedmiot\u00f3w humanistycznych, przyrodniczych lub \u015bcis\u0142ych.<\/p>\n\n\n\n<p><\/p>\n\n\n\n<p>Opr\u00f3cz przedmiot\u00f3w obowi\u0105zkowych licealista musi wybra\u0107 minimum dwa, a maksymalnie cztery przedmioty na poziomie rozszerzonym. S\u0105 to j\u0119zyk polski, historia, geografia, biologia, chemia, fizyka, historia muzyki, historia sztuki, j\u0119zyk \u0142aci\u0144ski i kultura antyczna oraz filozofia lub j\u0119zyk obcy nowo\u017cytny, wiedza o spo\u0142ecze\u0144stwie, matematyka oraz informatyka. W zale\u017cno\u015bci od wybranych zaj\u0119\u0107 mo\u017ce by\u0107 on tak\u017ce zobowi\u0105zany do realizacji przedmiot\u00f3w uzupe\u0142niaj\u0105cych takich jak historia i spo\u0142ecze\u0144stwo, przyroda, zaj\u0119cia artystyczne czy ekonomia w praktyce.<\/p>\n\n\n\n<p><\/p>\n\n\n\n<p>W ostatniej klasie wi\u0119kszo\u015b\u0107 licealist\u00f3w podchodzi do egzaminu dojrza\u0142o\u015bci. Niekt\u00f3re licea umo\u017cliwiaj\u0105 tak\u017ce zdawanie <a href=\"https:\/\/policealna.gowork.pl\/blog\/matura-miedzynarodowa-dlaczego-warto-ja-zdac-co-daje\/\">matury mi\u0119dzynarodowej<\/a>. Absolwenci otrzymuj\u0105 wykszta\u0142cenie \u015brednie \u2013 mowa r\u00f3wnie\u017c o tych osobach, kt\u00f3re nie podesz\u0142y do matury lub jej nie zda\u0142y.<\/p>\n\n\n\n<h4 class=\"wp-block-heading\"><strong>Technikum<\/strong><\/h4>\n\n\n\n<p><strong>Nowy polski system edukacji<\/strong> z 2017 roku wyd\u0142u\u017cy\u0142 lata nauki w technikum z czterech do pi\u0119ciu. Osoby zainteresowane t\u0105 form\u0105 kszta\u0142cenia maj\u0105 do wyboru kilkaset zawod\u00f3w z wielu r\u00f3\u017cnych bran\u017c. Opr\u00f3cz zaj\u0119\u0107 obowi\u0105zkowych z zakresu kszta\u0142cenia obowi\u0105zkowego (r\u00f3wnie\u017c rozszerzonych), uczniowie realizuj\u0105 zaj\u0119cia teoretyczne i praktyczne z zakresu kszta\u0142cenia zawodowego. Po uko\u0144czeniu szko\u0142y otrzymuj\u0105 oni nie tylko wykszta\u0142cenie \u015brednie, ale tak\u017ce dyplom potwierdzaj\u0105cy kwalifikacje zawodowe. W technikum mo\u017cliwe jest tak\u017ce zdawanie matury.<\/p>\n\n\n\n<h4 class=\"wp-block-heading\"><strong>Szko\u0142a bran\u017cowa I i II stopnia<\/strong><\/h4>\n\n\n\n<p>W szko\u0142ach bran\u017cowych (dawniej zawodowych) realizowane jest kszta\u0142cenie specjalistyczne o charakterze praktycznym. Szko\u0142a bran\u017cowa I stopnia trwa trzy lata. Obejmuje ona kszta\u0142cenie og\u00f3lne oraz zawodowe. Opr\u00f3cz tego uczniowie odbywaj\u0105 tak\u017ce praktyki zawodowe przez kilka godzin w tygodniu. Absolwent szko\u0142y bran\u017cowej, kt\u00f3ry pomy\u015blnie zda\u0142 egzamin zawodowy, otrzymuje wykszta\u0142cenie zasadnicze bran\u017cowe oraz dyplom potwierdzaj\u0105cy kwalifikacje zawodowe. Mo\u017ce on rozpocz\u0105\u0107 prac\u0119 lub kontynuowa\u0107 nauk\u0119 w szkole bran\u017cowej II stopnia. Ta umo\u017cliwia dalsze kszta\u0142cenie w zawodzie i otrzymanie tytu\u0142u technika, a tak\u017ce zdanie matury. Jej absolwenci posiadaj\u0105 wykszta\u0142cenie \u015brednie bran\u017cowe.<\/p>\n\n\n\n<p><\/p>\n\n\n\n<p>Cho\u0107 jeszcze do niedawna mo\u017cna by\u0142o spotka\u0107 si\u0119 z krytyk\u0105 szk\u00f3\u0142 zawodowych, to na absolwent\u00f3w bran\u017cowej szko\u0142y czekaj\u0105 liczne oferty pracy. Wiele os\u00f3b decyduje si\u0119 i\u015b\u0107 na studia bez sprecyzowanych oczekiwa\u0144. Szko\u0142a bran\u017cowa daje konkretny zaw\u00f3d. Uczniowie bran\u017cowej szko\u0142y zdobywaj\u0105 kwalifikacje i umiej\u0119tno\u015bci praktyczne, kt\u00f3re s\u0105 niezwykle cenne na rynku pracy. W szko\u0142ach wy\u017cszych cz\u0119sto to teoria jest na pierwszym miejscu. Dyplom uko\u0144czenia studi\u00f3w wy\u017cszych uzyskuje si\u0119 w wieku ok. 22-25 lat, co przek\u0142ada si\u0119 r\u00f3wnie\u017c na p\u00f3\u017aniejsze wej\u015bcie na rynek pracy.<\/p>\n\n\n\n<h4 class=\"wp-block-heading\"><strong>Szko\u0142a specjalna przysposabiaj\u0105ca do pracy<\/strong><\/h4>\n\n\n\n<p>Szko\u0142y specjalne przysposabiaj\u0105ce do pracy przeznaczone s\u0105 dla uczni\u00f3w z niepe\u0142nosprawno\u015bciami sprz\u0119\u017conymi lub niepe\u0142nosprawno\u015bci\u0105 intelektualn\u0105 w stopniu umiarkowanym i znacznym. Umo\u017cliwia ona nabycie umiej\u0119tno\u015bci praktycznych niezb\u0119dnych po podj\u0119cia pracy w r\u00f3\u017cnych zawodach. M\u0142odzie\u017c uczy si\u0119 m.in. prowadzenia gospodarstwa domowego, prac ogrodniczych, prac stolarskich, prac biurowych, szycia r\u0119cznego i maszynowego oraz r\u0119kodzielnictwa.<\/p>\n\n\n\n<h4 class=\"wp-block-heading\"><strong>Szko\u0142a policealna<\/strong><\/h4>\n\n\n\n<p>W <strong>polskim systemie o\u015bwiaty<\/strong> <a href=\"https:\/\/policealna.gowork.pl\/\">szko\u0142a policealna<\/a> przeznaczona jest dla os\u00f3b posiadaj\u0105cych wykszta\u0142cenie \u015brednie. Matura nie jest wymagana do podj\u0119cia nauki. Plac\u00f3wki posiadaj\u0105ce uprawnienia szk\u00f3\u0142 publicznych umo\u017cliwiaj\u0105 podej\u015bcie do egzaminu zawodowego i otrzymanie dyplomu potwierdzaj\u0105cego kwalifikacje zawodowe oraz tytu\u0142u technika (lub innego r\u00f3wnowa\u017cnego). W zale\u017cno\u015bci od wybranego kierunku nauka mo\u017ce trwa\u0107 od dw\u00f3ch do pi\u0119ciu semestr\u00f3w. Szko\u0142y policealne kszta\u0142c\u0105 tak\u017ce w formie kwalifikacyjnych kurs\u00f3w zawodowych.<\/p>\n\n\n\n<p><\/p>\n\n\n\n<p>Uko\u0144czenie szko\u0142y policealnej skutkuje uzyskaniem tytu\u0142u specjalisty lub technika. Wiele dost\u0119pnych kierunk\u00f3w nauczania znajdziemy tak\u017ce w technikach tak, jak np. technik weterynarii w <a href=\"https:\/\/policealna.gowork.pl\/wroclaw\">Szkole Policealnej GoWork we Wroc\u0142awiu<\/a>, jak i w wielu technikach. Zatem osoby, kt\u00f3re wybra\u0142y liceum, lecz marz\u0105 o zdobyciu konkretnego zawodu, wci\u0105\u017c mog\u0105 kontynuowa\u0107 nauk\u0119. Uczniowie szk\u00f3\u0142 policealnych zdaj\u0105 egzaminy zawodowe, zwykle na ostatnim semestrze nauki.<\/p>\n\n\n\n<h2 class=\"wp-block-heading\"><strong>Szko\u0142y wy\u017csze w Polsce<\/strong><\/h2>\n\n\n\n<p>Szko\u0142y wy\u017csze nie s\u0105 cz\u0119\u015bci\u0105 struktury szkolnictwa w Polsce. Program kszta\u0142cenia realizuj\u0105 uczelnie akademickie i zawodowe. Oba typy prowadz\u0105 studia I i II stopnia oraz jednolite studia magisterskie, ale tylko uczelnie akademickie prowadz\u0105 III stopnia i maj\u0105 uprawnienia do nadania tytu\u0142u doktora. W Polsce uczelnie mog\u0105 by\u0107 tworzone jako publiczne i niepubliczne. Opr\u00f3cz tego istnieje ich kilka specyficznych typ\u00f3w, na przyk\u0142ad wojskowe, artystyczne, medyczne, s\u0142u\u017cb pa\u0144stwowych oraz morskie.<\/p>\n\n\n\n<p><\/p>\n\n\n\n<p>Stopie\u0144 licencjata mo\u017cna otrzyma\u0107 po 3-4 latach, a in\u017cyniera \u2013 3,5-4 latach. Tytu\u0142 licencjata uprawnia do podj\u0119cia studi\u00f3w drugiego stopnia, kt\u00f3re trwaj\u0105 2-5 lat w zale\u017cno\u015bci od kierunku. Studia jednolite magisterskie realizowane na niekt\u00f3rych kierunkach trwaj\u0105 4-6 lat, a doktoranckie \u2013 3-4 lata. Osoby z wykszta\u0142ceniem wy\u017cszym mog\u0105 r\u00f3wnie\u017c zapisa\u0107 si\u0119 na studia podyplomowe.<\/p>\n\n\n\n<h3 class=\"wp-block-heading\">Polski system edukacji &#8211; podsumowanie<\/h3>\n\n\n\n<p>Opinie o polskim systemie edukacji s\u0105 raczej negatywne. Dowodz\u0105 czemu nie tylko zas\u0142yszane rozmowy, ale tak\u017ce badania. Zgodnie z raportem przygotowanym na zlecenie Ministerstwa Przedsi\u0119biorczo\u015bci i Technologii &#8222;Szko\u0142a dla innowatora\u201d wynika, \u017ce polska szko\u0142a nie kszta\u0142tuje w uczniach w wystarczaj\u0105cych stopniu kompetencji, a uczniowie boj\u0105 si\u0119 my\u015ble\u0107 kreatywnie i nie potrafi\u0105 wsp\u00f3\u0142pracowa\u0107. Tak jest zdaniem autor\u00f3w raportu. Jednak szko\u0142a to miejsce, w kt\u00f3rym mo\u017cemy zdoby\u0107 ciekaw\u0105 wiedz\u0119 i rozwin\u0105\u0107 w sobie nowe zainteresowania oraz pasje. To z kolei klucz do odnalezienia zawodu, kt\u00f3ry nie tylko zapewnia doch\u00f3d, ale i satysfakcj\u0119 z jego wykonywania.<\/p>\n\n\n\n<p><\/p>\n\n\n\n<p>A co Ty uwa\u017casz na temat <strong>nowego systemu edukacji w Polsce<\/strong>? Czy popierasz likwidacj\u0119 gimnazj\u00f3w i powr\u00f3t do o\u015bmioletniej szko\u0142y podstawowej? Podziel si\u0119 swoj\u0105 opini\u0105 w komentarzu! ?<\/p>\n","protected":false},"excerpt":{"rendered":"<p>System edukacji w Polsce od czas\u00f3w transformacji ustrojowej w 1989 roku przeszed\u0142 wiele przemian w zakresie podstawy programowej, zarz\u0105dzania, administracji oraz struktury. Sprawd\u017a, czym obecnie charakteryzuje si\u0119 polski system o\u015bwiaty, jakie s\u0105 jego poszczeg\u00f3lne etapy oraz sprawd\u017a, co zmieni\u0142y reformy z 1999 i 2017 roku. System edukacji w Polsce \u2013 kto nim zarz\u0105dza? Zgodnie z<\/p>\n","protected":false},"author":2,"featured_media":2466,"comment_status":"open","ping_status":"closed","sticky":false,"template":"","format":"standard","meta":{"amp_status":"","footnotes":""},"categories":[29],"tags":[],"class_list":{"0":"post-2465","1":"post","2":"type-post","3":"status-publish","4":"format-standard","5":"has-post-thumbnail","7":"category-edukacja"},"aioseo_notices":[],"_links":{"self":[{"href":"https:\/\/policealna.gowork.pl\/blog\/wp-json\/wp\/v2\/posts\/2465","targetHints":{"allow":["GET"]}}],"collection":[{"href":"https:\/\/policealna.gowork.pl\/blog\/wp-json\/wp\/v2\/posts"}],"about":[{"href":"https:\/\/policealna.gowork.pl\/blog\/wp-json\/wp\/v2\/types\/post"}],"author":[{"embeddable":true,"href":"https:\/\/policealna.gowork.pl\/blog\/wp-json\/wp\/v2\/users\/2"}],"replies":[{"embeddable":true,"href":"https:\/\/policealna.gowork.pl\/blog\/wp-json\/wp\/v2\/comments?post=2465"}],"version-history":[{"count":7,"href":"https:\/\/policealna.gowork.pl\/blog\/wp-json\/wp\/v2\/posts\/2465\/revisions"}],"predecessor-version":[{"id":3088,"href":"https:\/\/policealna.gowork.pl\/blog\/wp-json\/wp\/v2\/posts\/2465\/revisions\/3088"}],"wp:featuredmedia":[{"embeddable":true,"href":"https:\/\/policealna.gowork.pl\/blog\/wp-json\/wp\/v2\/media\/2466"}],"wp:attachment":[{"href":"https:\/\/policealna.gowork.pl\/blog\/wp-json\/wp\/v2\/media?parent=2465"}],"wp:term":[{"taxonomy":"category","embeddable":true,"href":"https:\/\/policealna.gowork.pl\/blog\/wp-json\/wp\/v2\/categories?post=2465"},{"taxonomy":"post_tag","embeddable":true,"href":"https:\/\/policealna.gowork.pl\/blog\/wp-json\/wp\/v2\/tags?post=2465"}],"curies":[{"name":"wp","href":"https:\/\/api.w.org\/{rel}","templated":true}]}}